{"id":20014,"date":"2026-07-10T10:58:28","date_gmt":"2026-07-10T08:58:28","guid":{"rendered":"https:\/\/fahrzeugbedarf.at\/?p=20014"},"modified":"2026-07-22T15:37:26","modified_gmt":"2026-07-22T13:37:26","slug":"osiguranje-tereta-za-kamione-u-bosni-hercegovini","status":"publish","type":"post","link":"https:\/\/fahrzeugbedarf.at\/bs\/osiguranje-tereta-za-kamione-u-bosni-hercegovini\/","title":{"rendered":"Osiguranje tereta za kamione u Austriji"},"content":{"rendered":"<p><div class=\"fusion-fullwidth fullwidth-box fusion-builder-row-1 fusion-flex-container nonhundred-percent-fullwidth non-hundred-percent-height-scrolling\" style=\"--awb-border-radius-top-left:0px;--awb-border-radius-top-right:0px;--awb-border-radius-bottom-right:0px;--awb-border-radius-bottom-left:0px;--awb-padding-top:70px;--awb-padding-bottom:20px;--awb-flex-wrap:wrap;\" ><div class=\"fusion-builder-row fusion-row fusion-flex-align-items-flex-start fusion-flex-align-content-center fusion-flex-content-wrap\" style=\"max-width:1310.4px;margin-left: calc(-4% \/ 2 );margin-right: calc(-4% \/ 2 );\"><div class=\"fusion-layout-column fusion_builder_column fusion-builder-column-0 fusion_builder_column_1_2 1_2 fusion-flex-column\" style=\"--awb-bg-blend:overlay;--awb-bg-size:cover;--awb-width-large:50%;--awb-margin-top-large:30px;--awb-spacing-right-large:7.68%;--awb-margin-bottom-large:0px;--awb-spacing-left-large:3.84%;--awb-width-medium:100%;--awb-order-medium:0;--awb-spacing-right-medium:20px;--awb-spacing-left-medium:20px;--awb-width-small:100%;--awb-order-small:0;--awb-spacing-right-small:20px;--awb-spacing-left-small:20px;\"><div class=\"fusion-column-wrapper fusion-flex-justify-content-flex-start fusion-content-layout-column\"><div class=\"fusion-title title fusion-title-1 fusion-sep-none fusion-title-text fusion-title-size-two\" style=\"--awb-text-color:var(--awb-custom_color_1);--awb-margin-top:0px;--awb-margin-top-small:0px;--awb-margin-right-small:0px;--awb-margin-bottom-small:20px;--awb-margin-left-small:0px;--awb-font-size:30px;\"><h2 class=\"fusion-title-heading title-heading-left fusion-responsive-typography-calculated\" style=\"margin:0;text-transform:none;font-size:1em;--fontSize:30;--minFontSize:30;line-height:1.4;\">Osiguranje tereta na kamionima: Trake za pri\u010dvr\u0161\u0107ivanje, obaveze i kazne u Austriji<\/h2><\/div><div class=\"fusion-text fusion-text-1 fusion-text-no-margin\" style=\"--awb-content-alignment:justify;--awb-font-size:var(--awb-typography2-font-size);--awb-line-height:var(--awb-typography2-line-height);--awb-letter-spacing:var(--awb-typography2-letter-spacing);--awb-text-transform:var(--awb-typography2-text-transform);--awb-margin-bottom:0px;--awb-text-font-family:var(--awb-typography2-font-family);--awb-text-font-weight:var(--awb-typography2-font-weight);--awb-text-font-style:var(--awb-typography2-font-style);\"><p>Neosiguran teret nije trivijalan prekr\u0161aj. <a href=\"https:\/\/fahrzeugbedarf.at\/bs\/kocnice-kamiona\/\">U slu\u010daju naglog ko\u010denja, paleta postaje<\/a> projektil \u2013 a transportni nalog se pretvara u zahtjev za naknadu \u0161tete. Svako ko prevozi robu u Austriji posluje u okviru jasno regulisanog okvira: Zakona o motornim vozilima (KFG). Ovaj \u010dlanak obja\u0161njava \u0161ta zakon zahtijeva, ko je odgovoran, kako pravilno koristiti trake za vezivanje i \u0161ta o\u010dekivati \u200b\u200btokom pregleda.  <\/p>\n<h3>Pa\u017enja: Njema\u010dki saobra\u0107ajni propisi ne va\u017ee u Austriji.<\/h3>\n<p>Uobi\u010dajena zabluda: Mnogi online vodi\u010di citiraju njema\u010dki \u010dlan 22. Pravilnika o cestovnom prometu (StVO) kada raspravljaju o osiguranju tereta. Me\u0111utim, u Austriji je relevantni propis&#8230;   <strong>\u010clan 101 st. 1 lit. e KFG 1967  <\/strong>. Svako ko svoje argumente zasniva na pogre\u0161noj pravnoj osnovi bit \u0107e nemo\u0107an u slu\u010daju inspekcije.<\/p>\n<h3>\u0160ta \u00a7 101 KFG konkretno zahtijeva<\/h3>\n<p>Osnovni princip propisa je da teret \u2013 kao i pojedina\u010dni njegovi dijelovi \u2013 moraju biti uskladi\u0161teni ili osigurani odgovaraju\u0107im sredstvima na na\u010din da izdr\u017ee <a href=\"https:\/\/fahrzeugbedarf.at\/bs\/objasnjenje-sistema-sasije-bpw\/\">sile koje se javljaju tokom normalne vo\u017enje<\/a> , da se ne ugrozi siguran rad vozila i da niko ne bude ugro\u017een. Pojedina\u010dni dijelovi smiju samo minimalno mijenjati svoj polo\u017eaj jedan u odnosu na drugi i u odnosu na zidove vozila.<\/p>\n<\/div><\/div><\/div><div class=\"fusion-layout-column fusion_builder_column fusion-builder-column-1 fusion_builder_column_1_2 1_2 fusion-flex-column\" style=\"--awb-bg-color:var(--awb-custom_color_1);--awb-bg-color-hover:var(--awb-custom_color_1);--awb-bg-blend:overlay;--awb-bg-size:cover;--awb-border-color:var(--awb-custom_color_1);--awb-border-top:8px;--awb-border-right:10px;--awb-border-bottom:8px;--awb-border-left:10px;--awb-border-style:solid;--awb-width-large:50%;--awb-margin-top-large:30px;--awb-spacing-right-large:3.84%;--awb-margin-bottom-large:0px;--awb-spacing-left-large:7.68%;--awb-width-medium:100%;--awb-order-medium:1;--awb-spacing-right-medium:20px;--awb-spacing-left-medium:20px;--awb-width-small:100%;--awb-order-small:1;--awb-spacing-right-small:20px;--awb-spacing-left-small:20px;\"><div class=\"fusion-column-wrapper fusion-flex-justify-content-flex-start fusion-content-layout-column\"><div class=\"fusion-image-element\" style=\"text-align:center;--awb-mask-url: url(https:\/\/fahrzeugbedarf.at\/wp-content\/uploads\/2024\/08\/maske-alu01.svg);--awb-mask-size: cover;--awb-caption-title-font-family:var(--h2_typography-font-family);--awb-caption-title-font-weight:var(--h2_typography-font-weight);--awb-caption-title-font-style:var(--h2_typography-font-style);--awb-caption-title-size:var(--h2_typography-font-size);--awb-caption-title-transform:var(--h2_typography-text-transform);--awb-caption-title-line-height:var(--h2_typography-line-height);--awb-caption-title-letter-spacing:var(--h2_typography-letter-spacing);\"><span class=\" fusion-imageframe imageframe-none imageframe-1 hover-type-zoomin has-mask\"><img decoding=\"async\" width=\"1024\" height=\"1536\" alt=\"osiguranje tereta\" title=\"osiguranje tereta\" src=\"data:image\/svg+xml,%3Csvg%20xmlns%3D%27http%3A%2F%2Fwww.w3.org%2F2000%2Fsvg%27%20width%3D%271024%27%20height%3D%271536%27%20viewBox%3D%270%200%201024%201536%27%3E%3Crect%20width%3D%271024%27%20height%3D%271536%27%20fill-opacity%3D%220%22%2F%3E%3C%2Fsvg%3E\" data-orig-src=\"https:\/\/fahrzeugbedarf.at\/wp-content\/uploads\/2026\/07\/ladungssicherung.jpg\" class=\"lazyload img-responsive wp-image-20452\"\/><\/span><\/div><\/div><\/div><div class=\"fusion-layout-column fusion_builder_column fusion-builder-column-2 fusion_builder_column_1_1 1_1 fusion-flex-column\" style=\"--awb-bg-size:cover;--awb-width-large:100%;--awb-margin-top-large:0px;--awb-spacing-right-large:1.92%;--awb-margin-bottom-large:20px;--awb-spacing-left-large:1.92%;--awb-width-medium:100%;--awb-order-medium:0;--awb-spacing-right-medium:1.92%;--awb-spacing-left-medium:1.92%;--awb-width-small:100%;--awb-order-small:0;--awb-spacing-right-small:1.92%;--awb-spacing-left-small:1.92%;\"><div class=\"fusion-column-wrapper fusion-column-has-shadow fusion-flex-justify-content-flex-start fusion-content-layout-column\"><div class=\"fusion-text fusion-text-2\"><p>Zakon eksplicitno imenuje odgovaraju\u0107e sigurnosne ure\u0111aje: <strong>trake za pri\u010dvr\u0161\u0107ivanje, stezne grede, jastuke za za\u0161titu pri transportu, protuklizne podloge<\/strong> ili njihove kombinacije. Me\u0111utim, \u010clan 101. stav 1. slovo e austrijskog Zakona o motornim vozilima (KFG) ne sadr\u017ei detaljne smjernice za tehni\u010dki prora\u010dun \u2013 u praksi se primjenjuju priznati in\u017eenjerski standardi.   <\/p>\n<p>Austrijski Zakon o motornim vozilima (KFG) tako\u0111er reguli\u0161e terete koji str\u0161e: Ako teret prelazi vi\u0161e od jednog metra izvan prednje ili zadnje ta\u010dke vozila ili posljednje prikolice, mora biti ozna\u010den. U Austriji se to radi pomo\u0107u plo\u010de sa upozorenjem na dugi teret (25 x 40 cm, bijela boja sa crvenim retroreflektuju\u0107im rubom \u0161irine 5 cm, maksimalno 90 cm iznad povr\u0161ine ceste). Za duge terete vrijede i posebna ograni\u010denja brzine \u2013 50 km\/h na seoskim putevima, 80 km\/h na autoputevima i brzim cestama.<\/p>\n<\/div><\/div><\/div><\/div><\/div><div class=\"fusion-fullwidth fullwidth-box fusion-builder-row-2 fusion-flex-container nonhundred-percent-fullwidth non-hundred-percent-height-scrolling\" style=\"--awb-border-radius-top-left:0px;--awb-border-radius-top-right:0px;--awb-border-radius-bottom-right:0px;--awb-border-radius-bottom-left:0px;--awb-padding-top:70px;--awb-padding-bottom:70px;--awb-flex-wrap:wrap;\" ><div class=\"fusion-builder-row fusion-row fusion-flex-align-items-flex-start fusion-flex-align-content-center fusion-flex-content-wrap\" style=\"max-width:1310.4px;margin-left: calc(-4% \/ 2 );margin-right: calc(-4% \/ 2 );\"><div class=\"fusion-layout-column fusion_builder_column fusion-builder-column-3 fusion_builder_column_1_1 1_1 fusion-flex-column\" style=\"--awb-bg-blend:overlay;--awb-bg-size:cover;--awb-width-large:100%;--awb-margin-top-large:30px;--awb-spacing-right-large:3.84%;--awb-margin-bottom-large:0px;--awb-spacing-left-large:1.92%;--awb-width-medium:100%;--awb-order-medium:0;--awb-spacing-right-medium:20px;--awb-spacing-left-medium:20px;--awb-width-small:100%;--awb-order-small:0;--awb-spacing-right-small:20px;--awb-spacing-left-small:20px;\"><div class=\"fusion-column-wrapper fusion-flex-justify-content-flex-start fusion-content-layout-column\"><div class=\"fusion-text fusion-text-3 fusion-text-no-margin\" style=\"--awb-content-alignment:justify;--awb-font-size:var(--awb-typography2-font-size);--awb-line-height:var(--awb-typography2-line-height);--awb-letter-spacing:var(--awb-typography2-letter-spacing);--awb-text-transform:var(--awb-typography2-text-transform);--awb-margin-bottom:0px;--awb-text-font-family:var(--awb-typography2-font-family);--awb-text-font-weight:var(--awb-typography2-font-weight);--awb-text-font-style:var(--awb-typography2-font-style);\"><h3>Ko je odgovoran? Ne samo voza\u010d. <\/h3>\n<p>Jedna stvar koja se u praksi redovno potcjenjuje: <strong>Vlasnici vozila, voza\u010di i \u0161pediteri su zajedni\u010dki odgovorni<\/strong> za pravilno osiguranje tereta.<\/p>\n<ul>\n<li><strong>Voza\u010d<\/strong> smije pustiti vozilo u pogon tek kada se \u2013 u mjeri u kojoj je to razumno \u2013 uvjerio da vozilo, prikolica i njihov teret ispunjavaju propise (\u00a7 102 st. 1 KFG).<\/li>\n<li><strong>Registrovani vlasnik<\/strong> je odgovoran za osiguranje da vozilo i njegov teret ispunjavaju propise (\u00a7 103 stav 1 KFG). Samo <strong>efikasan sistem operativne kontrole<\/strong> mo\u017ee ga osloboditi ove odgovornosti \u2013 ne samo tvrdnja da je voza\u010du vjerovalo. <\/li>\n<li>Od uvo\u0111enja \u010dlana 101. stav 1a austrijskog Zakona o motornim vozilima (KFG), <strong>osoba ovla\u0161tena za narud\u017ebu ili po\u0161iljatelj<\/strong> samostalno podlije\u017eu krivi\u010dnom gonjenju. Oni se ne mogu opravdati tvrdnjom da su samo slijedili \u017eelje kupca tokom utovara.  <\/li>\n<\/ul>\n<p>Ovaj propis je posebno osmi\u0161ljen kako bi se sprije\u010dilo da odgovornost u kona\u010dnici padne isklju\u010divo na voza\u010da.<\/p>\n<h3>Prianjanje silom ili oblikovanjem: dvije osnovne metode<\/h3>\n<p><strong>Pri\u010dvr\u0161\u0107ivanje (silno spajanje).<\/strong>  Traka pritiska teret na utovarnu platformu, \u010dime se pove\u0107ava trenje. Ovdje nije klju\u010dna prekidna \u010dvrsto\u0107a trake, ve\u0107 njena <strong>sila prednapona (STF)<\/strong> i koeficijent trenja \u2013 stoga, protuklizne prostirke nisu dodatak, ve\u0107 bitan dio sistema za pri\u010dvr\u0161\u0107ivanje. Svakome ko ve\u017ee teret bez protukliznih prostirki trebat \u0107e znatno vi\u0161e traka.  <\/p>\n<p><strong>Direktno vezivanje i blokiranje (pozitivno zaklju\u010davanje).<\/strong>  Teret se direktno pri\u010dvr\u0161\u0107uje za vozilo dijagonalnim, ugaonim ili \u010deonim vezom, ili se sigurnosno zaklju\u010dava za prednji zid, bo\u010dne stranice i stezne grede. <strong>Dozvoljeni kapacitet vezivanja (LC)<\/strong> trake je ovdje klju\u010dan. Robustan sistem bo\u010dne stranice &#8211; kao \u0161to je aluminijski sistem bo\u010dne stranice poput <a href=\"https:\/\/fahrzeugbedarf.at\/bs\/fzb-alu-sistem-bocnih-panela-od-aluminija\/\">FZB Alu<\/a> &#8211; direktno doprinosi efektu osiguranja.  <\/p>\n<p>U praksi, kombinacija obje metode je obi\u010dno najsigurnije rje\u0161enje.<\/p>\n<\/div><\/div><\/div><\/div><\/div><div class=\"fusion-fullwidth fullwidth-box fusion-builder-row-3 fusion-flex-container nonhundred-percent-fullwidth non-hundred-percent-height-scrolling\" style=\"--awb-border-radius-top-left:0px;--awb-border-radius-top-right:0px;--awb-border-radius-bottom-right:0px;--awb-border-radius-bottom-left:0px;--awb-padding-top:20px;--awb-padding-bottom:70px;--awb-flex-wrap:wrap;\" ><div class=\"fusion-builder-row fusion-row fusion-flex-align-items-flex-start fusion-flex-align-content-center fusion-flex-content-wrap\" style=\"max-width:1310.4px;margin-left: calc(-4% \/ 2 );margin-right: calc(-4% \/ 2 );\"><div class=\"fusion-layout-column fusion_builder_column fusion-builder-column-4 fusion_builder_column_1_2 1_2 fusion-flex-column\" style=\"--awb-bg-blend:overlay;--awb-bg-size:cover;--awb-width-large:50%;--awb-margin-top-large:30px;--awb-spacing-right-large:7.68%;--awb-margin-bottom-large:0px;--awb-spacing-left-large:3.84%;--awb-width-medium:100%;--awb-order-medium:0;--awb-spacing-right-medium:20px;--awb-spacing-left-medium:20px;--awb-width-small:100%;--awb-order-small:0;--awb-spacing-right-small:20px;--awb-spacing-left-small:20px;\"><div class=\"fusion-column-wrapper fusion-flex-justify-content-flex-start fusion-content-layout-column\"><div class=\"fusion-text fusion-text-4 fusion-text-no-margin\" style=\"--awb-content-alignment:justify;--awb-font-size:var(--awb-typography2-font-size);--awb-line-height:var(--awb-typography2-line-height);--awb-letter-spacing:var(--awb-typography2-letter-spacing);--awb-text-transform:var(--awb-typography2-text-transform);--awb-margin-bottom:0px;--awb-text-font-family:var(--awb-typography2-font-family);--awb-text-font-weight:var(--awb-typography2-font-weight);--awb-text-font-style:var(--awb-typography2-font-style);\"><h3>Trake za vezivanje: na \u0161ta trebate obratiti pa\u017enju<\/h3>\n<ul>\n<li><strong>Pro\u010ditajte etiketu, nemojte naga\u0111ati.<\/strong>  Etiketa ozna\u010dava LC (maksimalni kapacitet vezivanja), STF (sila prednatezanja) i SHF (ru\u010dna sila). Remen bez \u010ditljive etikete je bezvrijedan u slu\u010daju pregleda. <\/li>\n<li><strong>Prepoznavanje kada je vrijeme za odbacivanje.<\/strong>  Trake treba odbaciti ako imaju posjekotine ili pukotine na rubovima, prekinute niti, te\u0161ke povrede, o\u0161te\u0107enja uzrokovana toplinom ili kemijskim djelovanjem, ili ako imaju deformirane, napukle ili jako korodirane zup\u010danike i kuke.<\/li>\n<li><strong>Provjerite ta\u010dke za vezivanje.<\/strong>  Remen je jak samo onoliko koliko je jaka ta\u010dka na koju je pri\u010dvr\u0161\u0107en \u2013 savijene ili poderane ta\u010dke za vezivanje su pravi nedostatak.<\/li>\n<li><strong>Koristite za\u0161titu za rubove.<\/strong>  O\u0161tri rubovi na teretu zna\u010dajno smanjuju nosivost trake.<\/li>\n<li><strong>Ne poni\u0161tavajte.<\/strong>  Prekomjerna napetost mo\u017ee o\u0161tetiti teret i remen; \u010degrtaljka nije mjera\u010d sile.<\/li>\n<\/ul>\n<h3>Koje su mogu\u0107e posljedice policijske provjere?<\/h3>\n<p>U Austriji se neadekvatno osiguranje tereta ka\u017enjava kao administrativni prekr\u0161aj prema \u010dlanu 134 Zakona o motornim vozilima (KFG). Op\u0161ta kazna za ovu odredbu je u rasponu od \u010detiri cifre \u2013 u trenutnoj verziji zakona, do 10.000 eura, iako konkretan iznos zavisi od te\u017eine prekr\u0161aja, stepena krivice i prihoda prekr\u0161ioca.<\/p>\n<\/div><\/div><\/div><div class=\"fusion-layout-column fusion_builder_column fusion-builder-column-5 fusion_builder_column_1_2 1_2 fusion-flex-column\" style=\"--awb-bg-color:var(--awb-custom_color_1);--awb-bg-color-hover:var(--awb-custom_color_1);--awb-bg-blend:overlay;--awb-bg-size:cover;--awb-border-color:var(--awb-custom_color_1);--awb-border-top:8px;--awb-border-right:10px;--awb-border-bottom:8px;--awb-border-left:10px;--awb-border-style:solid;--awb-width-large:50%;--awb-margin-top-large:30px;--awb-spacing-right-large:3.84%;--awb-margin-bottom-large:0px;--awb-spacing-left-large:7.68%;--awb-width-medium:100%;--awb-order-medium:1;--awb-spacing-right-medium:20px;--awb-spacing-left-medium:20px;--awb-width-small:100%;--awb-order-small:1;--awb-spacing-right-small:20px;--awb-spacing-left-small:20px;\"><div class=\"fusion-column-wrapper fusion-flex-justify-content-flex-start fusion-content-layout-column\"><div class=\"fusion-image-element\" style=\"text-align:center;--awb-mask-url: url(https:\/\/fahrzeugbedarf.at\/wp-content\/uploads\/2024\/08\/maske-alu01.svg);--awb-mask-size: cover;--awb-caption-title-font-family:var(--h2_typography-font-family);--awb-caption-title-font-weight:var(--h2_typography-font-weight);--awb-caption-title-font-style:var(--h2_typography-font-style);--awb-caption-title-size:var(--h2_typography-font-size);--awb-caption-title-transform:var(--h2_typography-text-transform);--awb-caption-title-line-height:var(--h2_typography-line-height);--awb-caption-title-letter-spacing:var(--h2_typography-letter-spacing);\"><span class=\" fusion-imageframe imageframe-none imageframe-2 hover-type-zoomin has-mask\"><img decoding=\"async\" width=\"1024\" height=\"1536\" alt=\"osiguranje tereta-2\" title=\"osiguranje tereta-2\" src=\"data:image\/svg+xml,%3Csvg%20xmlns%3D%27http%3A%2F%2Fwww.w3.org%2F2000%2Fsvg%27%20width%3D%271024%27%20height%3D%271536%27%20viewBox%3D%270%200%201024%201536%27%3E%3Crect%20width%3D%271024%27%20height%3D%271536%27%20fill-opacity%3D%220%22%2F%3E%3C%2Fsvg%3E\" data-orig-src=\"https:\/\/fahrzeugbedarf.at\/wp-content\/uploads\/2026\/07\/ladungssicherung-2.jpg\" class=\"lazyload img-responsive wp-image-20489\"\/><\/span><\/div><\/div><\/div><div class=\"fusion-layout-column fusion_builder_column fusion-builder-column-6 fusion_builder_column_1_1 1_1 fusion-flex-column\" style=\"--awb-bg-size:cover;--awb-width-large:100%;--awb-margin-top-large:0px;--awb-spacing-right-large:1.92%;--awb-margin-bottom-large:20px;--awb-spacing-left-large:1.92%;--awb-width-medium:100%;--awb-order-medium:0;--awb-spacing-right-medium:1.92%;--awb-spacing-left-medium:1.92%;--awb-width-small:100%;--awb-order-small:0;--awb-spacing-right-small:1.92%;--awb-spacing-left-small:1.92%;\"><div class=\"fusion-column-wrapper fusion-column-has-shadow fusion-flex-justify-content-flex-start fusion-content-layout-column\"><div class=\"fusion-text fusion-text-5\"><p>Pored nov\u010dane kazne, mogu uslijediti i dodatne posljedice:<\/p>\n<ul>\n<li><strong>Privremeni depozit:<\/strong> U slu\u010daju sumnje na prekr\u0161aj, iznos do 2.180 eura mo\u017ee se odrediti kao privremeni depozit u skladu sa \u010dlanom 134. stavom 4. Zakona o motornim vozilima (KFG). <\/li>\n<li><strong>Zabrana daljnjeg kretanja<\/strong> dok se teret ne osigura na odgovaraju\u0107i na\u010din.<\/li>\n<li><strong>U evidenciju voza\u010dke dozvole bit \u0107e unesena zabilje\u0161ka<\/strong> ako je sigurnost saobra\u0107aja ugro\u017eena nepravilno osiguranim teretom, a voza\u010d je trebao primijetiti kvar prije po\u010detka putovanja.<\/li>\n<li><strong>Klasifikacija rizika kompanije:<\/strong> Za vozila u klasama M2, M3, N2, N3, O3 ili O4, kr\u0161enja propisa o osiguranju tereta otkrivena tokom tehni\u010dkih pregleda na cesti uzimaju se u obzir u slu\u017ebenoj klasifikaciji rizika. Kompanije s visokom klasifikacijom rizika <strong>podlije\u017eu stro\u017eim i \u010de\u0161\u0107im inspekcijama<\/strong> . <\/li>\n<li><strong>Gra\u0111anska i krivi\u010dna odgovornost<\/strong> ako \u0161teta nastane zbog neadekvatnog obezbje\u0111enja.<\/li>\n<\/ul>\n<p>Posljednja ta\u010dka je najskuplja \u2013 i ona koja se ne odra\u017eava ni u jednom katalogu kazni.<\/p>\n<p><strong><em>Obavje\u0161tenje:<\/em><\/strong><em>  Ovaj \u010dlanak pru\u017ea op\u0107i pregled i ne zamjenjuje pravni savjet. Pravni status i kazne podlo\u017eni su promjenama; u pojedina\u010dnim slu\u010dajevima, mjerodavna je va\u017ee\u0107a verzija austrijskog Zakona o motornim vozilima (KFG) ili stru\u010dni savjet. <\/em><\/p>\n<\/div><\/div><\/div><\/div><\/div><div class=\"fusion-fullwidth fullwidth-box fusion-builder-row-4 fusion-flex-container has-pattern-background has-mask-background fusion-parallax-none nonhundred-percent-fullwidth non-hundred-percent-height-scrolling lazyload\" style=\"--awb-background-position:left center;--awb-border-radius-top-left:0px;--awb-border-radius-top-right:0px;--awb-border-radius-bottom-right:0px;--awb-border-radius-bottom-left:0px;--awb-padding-top:100px;--awb-padding-bottom:100px;--awb-background-color:var(--awb-color8);--awb-background-image:linear-gradient(180deg, rgba(32,32,32,0.35) 0%,rgba(32,32,32,0.35) 100%);;--awb-background-size:cover;--awb-flex-wrap:wrap;\" data-bg=\"https:\/\/fahrzeugbedarf.at\/wp-content\/uploads\/2025\/10\/cta.jpg\" data-bg-gradient=\"linear-gradient(180deg, rgba(32,32,32,0.35) 0%,rgba(32,32,32,0.35) 100%)\" ><div class=\"fusion-builder-row fusion-row fusion-flex-align-items-flex-start fusion-flex-content-wrap\" style=\"max-width:1310.4px;margin-left: calc(-4% \/ 2 );margin-right: calc(-4% \/ 2 );\"><div class=\"fusion-layout-column fusion_builder_column fusion-builder-column-7 fusion_builder_column_1_1 1_1 fusion-flex-column\" style=\"--awb-padding-top:40px;--awb-padding-right:40px;--awb-padding-bottom:40px;--awb-padding-left:40px;--awb-bg-color:#f7f8f9;--awb-bg-color-hover:#f7f8f9;--awb-bg-blend:overlay;--awb-bg-size:cover;--awb-width-large:100%;--awb-margin-top-large:0px;--awb-spacing-right-large:1.92%;--awb-margin-bottom-large:0px;--awb-spacing-left-large:3.84%;--awb-width-medium:100%;--awb-order-medium:0;--awb-spacing-right-medium:1.92%;--awb-spacing-left-medium:1.92%;--awb-width-small:100%;--awb-order-small:0;--awb-spacing-right-small:1.92%;--awb-spacing-left-small:1.92%;\"><div class=\"fusion-column-wrapper fusion-flex-justify-content-flex-start fusion-content-layout-column\"><div class=\"fusion-text fusion-text-6\" style=\"--awb-content-alignment:left;\"><h3>Kratka provjera prije polaska<\/h3>\n<ol>\n<li>Je li prostor za utovar \u010dist, suh i neo\u0161te\u0107en?<\/li>\n<li>Da li postoje neklizaju\u0107e prostirke tamo gdje je osoba vezana?<\/li>\n<li>Jesu li sve trake ozna\u010dene, neo\u0161te\u0107ene i opremljene za\u0161titom rubova?<\/li>\n<li>Jesu li ta\u010dke za vezivanje i bo\u010dni zidovi netaknuti?<\/li>\n<li>Da li je istureni teret pravilno ozna\u010den?<\/li>\n<li>Mogu li se pojedina\u010dne komponente naboja kretati jedna u odnosu na drugu?<\/li>\n<\/ol>\n<h3>Sigurnosni ure\u0111aji u FZB-u<\/h3>\n<p>Trake za pri\u010dvr\u0161\u0107ivanje, \u010degrtaljke, \u0161titnici za rubove, protuklizne prostirke i robusni sistemi bo\u010dnih panela klju\u010dne su komponente FZB asortimana proizvoda \u2013 dijela od preko 350.000 artikala za kamione, prikolice, poljoprivredu i industriju. Najbolji na\u010din da utvrdite koji je ure\u0111aj za pri\u010dvr\u0161\u0107ivanje pravi za va\u0161 teret i karoseriju vozila je da kontaktirate <a href=\"https:\/\/shop.fahrzeugbedarf.at\/\">FZB web trgovinu<\/a> ili va\u0161u <a href=\"https:\/\/fahrzeugbedarf.at\/bs\/lokacije\/\">lokalnu FZB poslovnicu<\/a> . Na\u0161 \u010dlanak o <a href=\"https:\/\/fahrzeugbedarf.at\/bs\/5-uobicajenih-uzroka-kvarova-kamiona-i-kako-ih-sprijeciti\/\">5 naj\u010de\u0161\u0107ih uzroka kvarova kamiona<\/a> tako\u0111er ilustruje koliko je osiguranje tereta povezano s tehni\u010dkim stanjem vozila.<\/p>\n<\/div><div class=\"fusion-separator fusion-full-width-sep\" style=\"align-self: center;margin-left: auto;margin-right: auto;margin-top:10px;width:100%;\"><\/div><\/div><\/div><\/div><\/div><div class=\"fusion-fullwidth fullwidth-box fusion-builder-row-5 fusion-flex-container nonhundred-percent-fullwidth non-hundred-percent-height-scrolling\" style=\"--awb-border-radius-top-left:0px;--awb-border-radius-top-right:0px;--awb-border-radius-bottom-right:0px;--awb-border-radius-bottom-left:0px;--awb-padding-top:70px;--awb-padding-bottom:70px;--awb-flex-wrap:wrap;\" ><div class=\"fusion-builder-row fusion-row fusion-flex-align-items-flex-start fusion-flex-align-content-center fusion-flex-content-wrap\" style=\"max-width:1310.4px;margin-left: calc(-4% \/ 2 );margin-right: calc(-4% \/ 2 );\"><div class=\"fusion-layout-column fusion_builder_column fusion-builder-column-8 fusion_builder_column_1_1 1_1 fusion-flex-column\" style=\"--awb-bg-blend:overlay;--awb-bg-size:cover;--awb-width-large:100%;--awb-margin-top-large:0px;--awb-spacing-right-large:1.92%;--awb-margin-bottom-large:20px;--awb-spacing-left-large:1.92%;--awb-width-medium:100%;--awb-spacing-right-medium:1.92%;--awb-spacing-left-medium:1.92%;--awb-width-small:100%;--awb-spacing-right-small:1.92%;--awb-spacing-left-small:1.92%;\"><div class=\"fusion-column-wrapper fusion-flex-justify-content-flex-start fusion-content-layout-column\"><div class=\"fusion-text fusion-text-7 fusion-text-no-margin\" style=\"--awb-content-alignment:justify;--awb-font-size:var(--awb-typography2-font-size);--awb-line-height:var(--awb-typography2-line-height);--awb-letter-spacing:var(--awb-typography2-letter-spacing);--awb-text-transform:var(--awb-typography2-text-transform);--awb-margin-bottom:0px;--awb-text-font-family:var(--awb-typography2-font-family);--awb-text-font-weight:var(--awb-typography2-font-weight);--awb-text-font-style:var(--awb-typography2-font-style);\"><h3>\u010cesto postavljana pitanja<\/h3>\n<p><strong>Koji zakon reguli\u0161e osiguranje tereta u Austriji?<\/strong><\/p>\n<p>Relevantni propis je \u010clan 101. stav 1. slovo e austrijskog Zakona o motornim vozilima iz 1967. (KFG 1967). Teret mora biti uskladi\u0161ten ili osiguran na na\u010din da izdr\u017ei sile koje se javljaju tokom normalne vo\u017enje i da niko nije ugro\u017een. \u010clan 22. Njema\u010dkog propisa o cestovnom saobra\u0107aju (StVO) ne primjenjuje se u Austriji.    <\/p>\n<p><strong>Ko je odgovoran za osiguranje tereta?<\/strong><\/p>\n<p>Vlasnik vozila, voza\u010d i utovariva\u010d ili ovla\u0161tena osoba su zajedni\u010dki odgovorni. Samo efikasan sistem kontrole unutar kompanije mo\u017ee osloboditi vlasnika vozila ove odgovornosti. <\/p>\n<p><strong>Koji su tro\u0161kovi povezani s neadekvatnim osiguranjem tereta u Austriji?<\/strong><\/p>\n<p>Goni se kao administrativni prekr\u0161aj prema \u010dlanu 134. austrijskog Zakona o motornim vozilima (KFG); kazna mo\u017ee dose\u0107i \u010detverocifreni iznos. Pored toga, mo\u017ee se izre\u0107i privremeni depozit do 2.180 eura, zabrana daljnjeg putovanja, evidencija o voza\u010dkoj evidenciji i ni\u017ea ocjena rizika za kompaniju. <\/p>\n<p><strong>Je li dovoljno samo ga pri\u010dvrstiti?<\/strong><\/p>\n<p>Samo ako je trenje ispravno. Bez protukliznih podloga, potrebna je znatno ve\u0107a sila prednapona prilikom vezivanja tereta. U praksi, kombinacija trenja i pozitivnog zaklju\u010davanja obi\u010dno je najsigurnije rje\u0161enje.<\/p>\n<\/div><\/div><\/div><\/div><\/div><div class=\"fusion-fullwidth fullwidth-box fusion-builder-row-6 fusion-flex-container nonhundred-percent-fullwidth non-hundred-percent-height-scrolling\" style=\"--awb-border-radius-top-left:0px;--awb-border-radius-top-right:0px;--awb-border-radius-bottom-right:0px;--awb-border-radius-bottom-left:0px;--awb-padding-top:20px;--awb-padding-bottom:20px;--awb-background-color:var(--awb-color1);--awb-flex-wrap:wrap;\" ><div class=\"fusion-builder-row fusion-row fusion-flex-align-items-flex-start fusion-flex-content-wrap\" style=\"max-width:1310.4px;margin-left: calc(-4% \/ 2 );margin-right: calc(-4% \/ 2 );\"><div class=\"fusion-layout-column fusion_builder_column fusion-builder-column-9 fusion_builder_column_1_1 1_1 fusion-flex-column\" style=\"--awb-bg-size:cover;--awb-width-large:100%;--awb-margin-top-large:20px;--awb-spacing-right-large:1.92%;--awb-margin-bottom-large:20px;--awb-spacing-left-large:1.92%;--awb-width-medium:100%;--awb-order-medium:0;--awb-spacing-right-medium:1.92%;--awb-spacing-left-medium:1.92%;--awb-width-small:100%;--awb-order-small:0;--awb-spacing-right-small:1.92%;--awb-spacing-left-small:1.92%;\"><div class=\"fusion-column-wrapper fusion-flex-justify-content-flex-start fusion-content-layout-column\"><div style=\"text-align:center;\"><a class=\"fusion-button button-flat fusion-button-default-size button-default fusion-button-default button-1 fusion-button-default-span fusion-button-default-type\" target=\"_blank\" rel=\"noopener noreferrer\" title=\"Posjetite na\u0161u web trgovinu\" aria-label=\"Posjetite na\u0161u web trgovinu\" href=\"https:\/\/shop.fahrzeugbedarf.at\"><span class=\"fusion-button-text awb-button__text awb-button__text--default\">Posjetite na\u0161u web trgovinu<\/span><\/a><\/div><\/div><\/div><\/div><\/div><\/p>\n","protected":false},"excerpt":{"rendered":"","protected":false},"author":1,"featured_media":9669,"comment_status":"closed","ping_status":"closed","sticky":false,"template":"","format":"standard","meta":{"rs_blank_template":"","rs_page_bg_color":"","slide_template_v7":"","footnotes":""},"categories":[184],"tags":[],"class_list":["post-20014","post","type-post","status-publish","format-standard","has-post-thumbnail","hentry","category-blog"],"_links":{"self":[{"href":"https:\/\/fahrzeugbedarf.at\/bs\/wp-json\/wp\/v2\/posts\/20014","targetHints":{"allow":["GET"]}}],"collection":[{"href":"https:\/\/fahrzeugbedarf.at\/bs\/wp-json\/wp\/v2\/posts"}],"about":[{"href":"https:\/\/fahrzeugbedarf.at\/bs\/wp-json\/wp\/v2\/types\/post"}],"author":[{"embeddable":true,"href":"https:\/\/fahrzeugbedarf.at\/bs\/wp-json\/wp\/v2\/users\/1"}],"replies":[{"embeddable":true,"href":"https:\/\/fahrzeugbedarf.at\/bs\/wp-json\/wp\/v2\/comments?post=20014"}],"version-history":[{"count":5,"href":"https:\/\/fahrzeugbedarf.at\/bs\/wp-json\/wp\/v2\/posts\/20014\/revisions"}],"predecessor-version":[{"id":20866,"href":"https:\/\/fahrzeugbedarf.at\/bs\/wp-json\/wp\/v2\/posts\/20014\/revisions\/20866"}],"wp:featuredmedia":[{"embeddable":true,"href":"https:\/\/fahrzeugbedarf.at\/bs\/wp-json\/wp\/v2\/media\/9669"}],"wp:attachment":[{"href":"https:\/\/fahrzeugbedarf.at\/bs\/wp-json\/wp\/v2\/media?parent=20014"}],"wp:term":[{"taxonomy":"category","embeddable":true,"href":"https:\/\/fahrzeugbedarf.at\/bs\/wp-json\/wp\/v2\/categories?post=20014"},{"taxonomy":"post_tag","embeddable":true,"href":"https:\/\/fahrzeugbedarf.at\/bs\/wp-json\/wp\/v2\/tags?post=20014"}],"curies":[{"name":"wp","href":"https:\/\/api.w.org\/{rel}","templated":true}]}}