{"id":20012,"date":"2026-07-10T10:58:28","date_gmt":"2026-07-10T08:58:28","guid":{"rendered":"https:\/\/fahrzeugbedarf.at\/?p=20012"},"modified":"2026-07-22T15:37:34","modified_gmt":"2026-07-22T13:37:34","slug":"pricvrsni-remeni-obveze-i-kazne-u-hrvatskoj","status":"publish","type":"post","link":"https:\/\/fahrzeugbedarf.at\/hr\/pricvrsni-remeni-obveze-i-kazne-u-hrvatskoj\/","title":{"rendered":"Osiguravanje tereta za kamione u Austriji"},"content":{"rendered":"<p><div class=\"fusion-fullwidth fullwidth-box fusion-builder-row-1 fusion-flex-container nonhundred-percent-fullwidth non-hundred-percent-height-scrolling\" style=\"--awb-border-radius-top-left:0px;--awb-border-radius-top-right:0px;--awb-border-radius-bottom-right:0px;--awb-border-radius-bottom-left:0px;--awb-padding-top:70px;--awb-padding-bottom:20px;--awb-flex-wrap:wrap;\" ><div class=\"fusion-builder-row fusion-row fusion-flex-align-items-flex-start fusion-flex-align-content-center fusion-flex-content-wrap\" style=\"max-width:1310.4px;margin-left: calc(-4% \/ 2 );margin-right: calc(-4% \/ 2 );\"><div class=\"fusion-layout-column fusion_builder_column fusion-builder-column-0 fusion_builder_column_1_2 1_2 fusion-flex-column\" style=\"--awb-bg-blend:overlay;--awb-bg-size:cover;--awb-width-large:50%;--awb-margin-top-large:30px;--awb-spacing-right-large:7.68%;--awb-margin-bottom-large:0px;--awb-spacing-left-large:3.84%;--awb-width-medium:100%;--awb-order-medium:0;--awb-spacing-right-medium:20px;--awb-spacing-left-medium:20px;--awb-width-small:100%;--awb-order-small:0;--awb-spacing-right-small:20px;--awb-spacing-left-small:20px;\"><div class=\"fusion-column-wrapper fusion-flex-justify-content-flex-start fusion-content-layout-column\"><div class=\"fusion-title title fusion-title-1 fusion-sep-none fusion-title-text fusion-title-size-two\" style=\"--awb-text-color:var(--awb-custom_color_1);--awb-margin-top:0px;--awb-margin-top-small:0px;--awb-margin-right-small:0px;--awb-margin-bottom-small:20px;--awb-margin-left-small:0px;--awb-font-size:30px;\"><h2 class=\"fusion-title-heading title-heading-left fusion-responsive-typography-calculated\" style=\"margin:0;text-transform:none;font-size:1em;--fontSize:30;--minFontSize:30;line-height:1.4;\">Osiguranje tereta na kamionima: Pri\u010dvrsni remeni, obveze i kazne u Austriji<\/h2><\/div><div class=\"fusion-text fusion-text-1 fusion-text-no-margin\" style=\"--awb-content-alignment:justify;--awb-font-size:var(--awb-typography2-font-size);--awb-line-height:var(--awb-typography2-line-height);--awb-letter-spacing:var(--awb-typography2-letter-spacing);--awb-text-transform:var(--awb-typography2-text-transform);--awb-margin-bottom:0px;--awb-text-font-family:var(--awb-typography2-font-family);--awb-text-font-weight:var(--awb-typography2-font-weight);--awb-text-font-style:var(--awb-typography2-font-style);\"><p>Neosigurani teret nije trivijalan prekr\u0161aj. <a href=\"https:\/\/fahrzeugbedarf.at\/hr\/kocnice-kamiona\/\">U slu\u010daju naglog ko\u010denja, paleta postaje<\/a> projektil \u2013 a nalog za prijevoz pretvara se u zahtjev za naknadu \u0161tete. Svatko tko prevozi robu u Austriji posluje unutar jasno reguliranog okvira: Zakona o motornim vozilima (KFG). Ovaj \u010dlanak obja\u0161njava \u0161to zakon propisuje, tko je odgovoran, kako pravilno koristiti remene za pri\u010dvr\u0161\u0107ivanje i \u0161to o\u010dekivati \u200b\u200btijekom pregleda.  <\/p>\n<h3>Pa\u017enja: Njema\u010dki prometni propisi ne vrijede u Austriji.<\/h3>\n<p>Uobi\u010dajena zabluda: Mnogi online vodi\u010di citiraju njema\u010dki \u010dlanak 22. Pravilnika o cestovnom prometu (StVO) kada raspravljaju o osiguranju tereta. Me\u0111utim, u Austriji je relevantni propis&#8230;   <strong>\u010clanak 101. stavak. 1 lit. e KFG 1967  <\/strong>. Svatko tko svoje argumente temelji na pogre\u0161noj pravnoj osnovi bit \u0107e nemo\u0107an u slu\u010daju inspekcije.<\/p>\n<h3>\u0160to konkretno zahtijeva \u00a7 101 KFG-a<\/h3>\n<p>Osnovno na\u010delo propisa je da teret \u2013 kao i njegovi pojedina\u010dni dijelovi \u2013 moraju biti uskladi\u0161teni ili osigurani prikladnim sredstvima na na\u010din da izdr\u017ee <a href=\"https:\/\/fahrzeugbedarf.at\/hr\/objasnjenje-bpw-sustava-sasije\/\">sile koje nastaju tijekom normalne vo\u017enje<\/a> , da se ne ugrozi siguran rad vozila i da nitko ne bude ugro\u017een. Pojedina\u010dni dijelovi smiju samo minimalno mijenjati svoj polo\u017eaj jedan u odnosu na drugi i u odnosu na stijenke vozila.<\/p>\n<\/div><\/div><\/div><div class=\"fusion-layout-column fusion_builder_column fusion-builder-column-1 fusion_builder_column_1_2 1_2 fusion-flex-column\" style=\"--awb-bg-color:var(--awb-custom_color_1);--awb-bg-color-hover:var(--awb-custom_color_1);--awb-bg-blend:overlay;--awb-bg-size:cover;--awb-border-color:var(--awb-custom_color_1);--awb-border-top:8px;--awb-border-right:10px;--awb-border-bottom:8px;--awb-border-left:10px;--awb-border-style:solid;--awb-width-large:50%;--awb-margin-top-large:30px;--awb-spacing-right-large:3.84%;--awb-margin-bottom-large:0px;--awb-spacing-left-large:7.68%;--awb-width-medium:100%;--awb-order-medium:1;--awb-spacing-right-medium:20px;--awb-spacing-left-medium:20px;--awb-width-small:100%;--awb-order-small:1;--awb-spacing-right-small:20px;--awb-spacing-left-small:20px;\"><div class=\"fusion-column-wrapper fusion-flex-justify-content-flex-start fusion-content-layout-column\"><div class=\"fusion-image-element\" style=\"text-align:center;--awb-mask-url: url(https:\/\/fahrzeugbedarf.at\/wp-content\/uploads\/2024\/08\/maske-alu01.svg);--awb-mask-size: cover;--awb-caption-title-font-family:var(--h2_typography-font-family);--awb-caption-title-font-weight:var(--h2_typography-font-weight);--awb-caption-title-font-style:var(--h2_typography-font-style);--awb-caption-title-size:var(--h2_typography-font-size);--awb-caption-title-transform:var(--h2_typography-text-transform);--awb-caption-title-line-height:var(--h2_typography-line-height);--awb-caption-title-letter-spacing:var(--h2_typography-letter-spacing);\"><span class=\" fusion-imageframe imageframe-none imageframe-1 hover-type-zoomin has-mask\"><img decoding=\"async\" width=\"1024\" height=\"1536\" alt=\"osiguranje tereta\" title=\"osiguranje tereta\" src=\"data:image\/svg+xml,%3Csvg%20xmlns%3D%27http%3A%2F%2Fwww.w3.org%2F2000%2Fsvg%27%20width%3D%271024%27%20height%3D%271536%27%20viewBox%3D%270%200%201024%201536%27%3E%3Crect%20width%3D%271024%27%20height%3D%271536%27%20fill-opacity%3D%220%22%2F%3E%3C%2Fsvg%3E\" data-orig-src=\"https:\/\/fahrzeugbedarf.at\/wp-content\/uploads\/2026\/07\/ladungssicherung.jpg\" class=\"lazyload img-responsive wp-image-20456\"\/><\/span><\/div><\/div><\/div><div class=\"fusion-layout-column fusion_builder_column fusion-builder-column-2 fusion_builder_column_1_1 1_1 fusion-flex-column\" style=\"--awb-bg-size:cover;--awb-width-large:100%;--awb-margin-top-large:0px;--awb-spacing-right-large:1.92%;--awb-margin-bottom-large:20px;--awb-spacing-left-large:1.92%;--awb-width-medium:100%;--awb-order-medium:0;--awb-spacing-right-medium:1.92%;--awb-spacing-left-medium:1.92%;--awb-width-small:100%;--awb-order-small:0;--awb-spacing-right-small:1.92%;--awb-spacing-left-small:1.92%;\"><div class=\"fusion-column-wrapper fusion-column-has-shadow fusion-flex-justify-content-flex-start fusion-content-layout-column\"><div class=\"fusion-text fusion-text-2\"><p>Zakon izri\u010dito imenuje prikladne sigurnosne ure\u0111aje: <strong>trake za pri\u010dvr\u0161\u0107ivanje, stezne grede, jastuke za za\u0161titu pri transportu, protuklizne podloge<\/strong> ili njihove kombinacije. Me\u0111utim, \u010dlanak 101. stavak 1. slovo e austrijskog Zakona o motornim vozilima (KFG) ne sadr\u017ei detaljne smjernice za tehni\u010dki izra\u010dun \u2013 u praksi se primjenjuju priznati in\u017eenjerski standardi.   <\/p>\n<p>Austrijski Zakon o motornim vozilima (KFG) tako\u0111er regulira izbo\u010dene terete: Ako teret prelazi vi\u0161e od jednog metra izvan prednje ili stra\u017enje to\u010dke vozila ili posljednje prikolice, mora biti ozna\u010den. U Austriji se to radi pomo\u0107u plo\u010de s upozorenjem na dugi teret (25 x 40 cm, bijela s crvenim retroreflektiraju\u0107im rubom \u0161irine 5 cm, maksimalno 90 cm iznad povr\u0161ine ceste). Za duge terete vrijede i zasebna ograni\u010denja brzine \u2013 50 km\/h na seoskim cestama, 80 km\/h na autocestama i brzim cestama.<\/p>\n<\/div><\/div><\/div><\/div><\/div><div class=\"fusion-fullwidth fullwidth-box fusion-builder-row-2 fusion-flex-container nonhundred-percent-fullwidth non-hundred-percent-height-scrolling\" style=\"--awb-border-radius-top-left:0px;--awb-border-radius-top-right:0px;--awb-border-radius-bottom-right:0px;--awb-border-radius-bottom-left:0px;--awb-padding-top:70px;--awb-padding-bottom:70px;--awb-flex-wrap:wrap;\" ><div class=\"fusion-builder-row fusion-row fusion-flex-align-items-flex-start fusion-flex-align-content-center fusion-flex-content-wrap\" style=\"max-width:1310.4px;margin-left: calc(-4% \/ 2 );margin-right: calc(-4% \/ 2 );\"><div class=\"fusion-layout-column fusion_builder_column fusion-builder-column-3 fusion_builder_column_1_1 1_1 fusion-flex-column\" style=\"--awb-bg-blend:overlay;--awb-bg-size:cover;--awb-width-large:100%;--awb-margin-top-large:30px;--awb-spacing-right-large:3.84%;--awb-margin-bottom-large:0px;--awb-spacing-left-large:1.92%;--awb-width-medium:100%;--awb-order-medium:0;--awb-spacing-right-medium:20px;--awb-spacing-left-medium:20px;--awb-width-small:100%;--awb-order-small:0;--awb-spacing-right-small:20px;--awb-spacing-left-small:20px;\"><div class=\"fusion-column-wrapper fusion-flex-justify-content-flex-start fusion-content-layout-column\"><div class=\"fusion-text fusion-text-3 fusion-text-no-margin\" style=\"--awb-content-alignment:justify;--awb-font-size:var(--awb-typography2-font-size);--awb-line-height:var(--awb-typography2-line-height);--awb-letter-spacing:var(--awb-typography2-letter-spacing);--awb-text-transform:var(--awb-typography2-text-transform);--awb-margin-bottom:0px;--awb-text-font-family:var(--awb-typography2-font-family);--awb-text-font-weight:var(--awb-typography2-font-weight);--awb-text-font-style:var(--awb-typography2-font-style);\"><h3>Tko je odgovoran? Ne samo voza\u010d. <\/h3>\n<p>Jedna stvar koja se u praksi redovito podcjenjuje: <strong>Vlasnici vozila, voza\u010di i prijevoznici zajedni\u010dki su odgovorni<\/strong> za pravilno osiguranje tereta.<\/p>\n<ul>\n<li><strong>Voza\u010d<\/strong> smije pustiti vozilo u pogon tek nakon \u0161to se \u2013 u mjeri u kojoj je to razumno \u2013 uvjerio da vozilo, prikolica i njihov teret ispunjavaju propise (\u00a7 102 st. 1 KFG).<\/li>\n<li><strong>Registrirani vlasnik<\/strong> odgovoran je za osiguravanje da vozilo i njegov teret budu u skladu s propisima (\u00a7 103 st. 1 KFG-a). Samo <strong>u\u010dinkovit sustav operativne kontrole<\/strong> mo\u017ee ga osloboditi te odgovornosti &#8211; ne samo tvrdnja da je voza\u010du vjerovalo. <\/li>\n<li>Od uvo\u0111enja \u010dlanka 101. stavka 1.a austrijskog Zakona o motornim vozilima (KFG), <strong>osoba ovla\u0161tena za narud\u017ebu ili po\u0161iljatelj<\/strong> samostalno podlije\u017eu kaznenom progonu. Ne mogu se opravdati tvrdnjom da su tijekom utovara samo slijedili \u017eelje kupca.  <\/li>\n<\/ul>\n<p>Ovaj je propis posebno osmi\u0161ljen kako bi se sprije\u010dilo da odgovornost u kona\u010dnici padne isklju\u010divo na voza\u010da.<\/p>\n<h3>Prianjanje silom ili oblikovanjem: dvije osnovne metode<\/h3>\n<p><strong>Pri\u010dvr\u0161\u0107ivanje (silno spajanje).<\/strong>  Remen priti\u0161\u0107e teret na utovarnu platformu, \u010dime se pove\u0107ava trenje. Ovdje nije klju\u010dna prekidna \u010dvrsto\u0107a remena, ve\u0107 njegova <strong>sila prednapona (STF)<\/strong> i koeficijent trenja \u2013 stoga protuklizne prostirke nisu dodatak, ve\u0107 bitan dio sustava za pri\u010dvr\u0161\u0107ivanje. Svatko tko ve\u017ee teret bez protukliznih prostirki trebat \u0107e znatno vi\u0161e remena.  <\/p>\n<p><strong>Izravno vezanje i blokiranje (pozitivno zaklju\u010davanje).<\/strong>  Teret se pri\u010dvr\u0161\u0107uje izravno na vozilo dijagonalnim, kutnim ili \u010deonim vezom ili se sigurnosno zaklju\u010dava uz prednji zid, bo\u010dne stranice i stezne grede. <strong>Dopu\u0161teni kapacitet pri\u010dvr\u0161\u0107ivanja (LC)<\/strong> remena ovdje je klju\u010dan. Robustan sustav bo\u010dnih stranica &#8211; poput aluminijskog sustava bo\u010dnih stranica poput <a href=\"https:\/\/fahrzeugbedarf.at\/hr\/fzb-alu-sustav-aluminijskih-bocnih-panela\/\">FZB Alu<\/a> &#8211; izravno doprinosi u\u010dinku pri\u010dvr\u0161\u0107ivanja.  <\/p>\n<p>U praksi, kombinacija obje metode obi\u010dno je najsigurnije rje\u0161enje.<\/p>\n<\/div><\/div><\/div><\/div><\/div><div class=\"fusion-fullwidth fullwidth-box fusion-builder-row-3 fusion-flex-container nonhundred-percent-fullwidth non-hundred-percent-height-scrolling\" style=\"--awb-border-radius-top-left:0px;--awb-border-radius-top-right:0px;--awb-border-radius-bottom-right:0px;--awb-border-radius-bottom-left:0px;--awb-padding-top:20px;--awb-padding-bottom:70px;--awb-flex-wrap:wrap;\" ><div class=\"fusion-builder-row fusion-row fusion-flex-align-items-flex-start fusion-flex-align-content-center fusion-flex-content-wrap\" style=\"max-width:1310.4px;margin-left: calc(-4% \/ 2 );margin-right: calc(-4% \/ 2 );\"><div class=\"fusion-layout-column fusion_builder_column fusion-builder-column-4 fusion_builder_column_1_2 1_2 fusion-flex-column\" style=\"--awb-bg-blend:overlay;--awb-bg-size:cover;--awb-width-large:50%;--awb-margin-top-large:30px;--awb-spacing-right-large:7.68%;--awb-margin-bottom-large:0px;--awb-spacing-left-large:3.84%;--awb-width-medium:100%;--awb-order-medium:0;--awb-spacing-right-medium:20px;--awb-spacing-left-medium:20px;--awb-width-small:100%;--awb-order-small:0;--awb-spacing-right-small:20px;--awb-spacing-left-small:20px;\"><div class=\"fusion-column-wrapper fusion-flex-justify-content-flex-start fusion-content-layout-column\"><div class=\"fusion-text fusion-text-4 fusion-text-no-margin\" style=\"--awb-content-alignment:justify;--awb-font-size:var(--awb-typography2-font-size);--awb-line-height:var(--awb-typography2-line-height);--awb-letter-spacing:var(--awb-typography2-letter-spacing);--awb-text-transform:var(--awb-typography2-text-transform);--awb-margin-bottom:0px;--awb-text-font-family:var(--awb-typography2-font-family);--awb-text-font-weight:var(--awb-typography2-font-weight);--awb-text-font-style:var(--awb-typography2-font-style);\"><h3>Trake za vezanje: na \u0161to trebate obratiti pozornost<\/h3>\n<ul>\n<li><strong>Pro\u010ditajte etiketu, nemojte naga\u0111ati.<\/strong>  Oznaka ozna\u010dava LC (maksimalni kapacitet vezivanja), STF (sila prednatezanja) i SHF (ru\u010dna sila). Remen bez \u010ditljive oznake je bezvrijedan u slu\u010daju pregleda. <\/li>\n<li><strong>Prepoznavanje kada je vrijeme za odbacivanje.<\/strong>  Remene treba baciti ako imaju rezove ili pukotine na rubovima, puknute pre\u0111e, jako su istro\u0161ene, o\u0161te\u0107ene toplinom ili kemikalijama ili ako imaju deformirane, napukle ili jako korodirane zup\u010danike i kuke.<\/li>\n<li><strong>Provjerite to\u010dke pri\u010dvr\u0161\u0107ivanja.<\/strong>  Remen je jak koliko i to\u010dka na koju je pri\u010dvr\u0161\u0107en \u2013 savijene ili poderane to\u010dke za pri\u010dvr\u0161\u0107ivanje su pravi nedostatak.<\/li>\n<li><strong>Koristite za\u0161titu za rubove.<\/strong>  O\u0161tri rubovi na teretu zna\u010dajno smanjuju nosivost remena.<\/li>\n<li><strong>Ne poni\u0161tavajte.<\/strong>  Prekomjerna napetost mo\u017ee o\u0161tetiti teret i remen; \u010degrtaljka nije mjera\u010d sile.<\/li>\n<\/ul>\n<h3>Koje su mogu\u0107e posljedice policijske provjere?<\/h3>\n<p>U Austriji se neadekvatno osiguranje tereta ka\u017enjava kao upravni prekr\u0161aj prema \u010dlanku 134. Zakona o motornim vozilima (KFG). Op\u0107a kazna za ovu odredbu iznosi \u010detiri znamenke \u2013 u trenutnoj verziji zakona do 10.000 eura, iako konkretan iznos ovisi o te\u017eini prekr\u0161aja, stupnju krivnje i prihodima po\u010dinitelja.<\/p>\n<\/div><\/div><\/div><div class=\"fusion-layout-column fusion_builder_column fusion-builder-column-5 fusion_builder_column_1_2 1_2 fusion-flex-column\" style=\"--awb-bg-color:var(--awb-custom_color_1);--awb-bg-color-hover:var(--awb-custom_color_1);--awb-bg-blend:overlay;--awb-bg-size:cover;--awb-border-color:var(--awb-custom_color_1);--awb-border-top:8px;--awb-border-right:10px;--awb-border-bottom:8px;--awb-border-left:10px;--awb-border-style:solid;--awb-width-large:50%;--awb-margin-top-large:30px;--awb-spacing-right-large:3.84%;--awb-margin-bottom-large:0px;--awb-spacing-left-large:7.68%;--awb-width-medium:100%;--awb-order-medium:1;--awb-spacing-right-medium:20px;--awb-spacing-left-medium:20px;--awb-width-small:100%;--awb-order-small:1;--awb-spacing-right-small:20px;--awb-spacing-left-small:20px;\"><div class=\"fusion-column-wrapper fusion-flex-justify-content-flex-start fusion-content-layout-column\"><div class=\"fusion-image-element\" style=\"text-align:center;--awb-mask-url: url(https:\/\/fahrzeugbedarf.at\/wp-content\/uploads\/2024\/08\/maske-alu01.svg);--awb-mask-size: cover;--awb-caption-title-font-family:var(--h2_typography-font-family);--awb-caption-title-font-weight:var(--h2_typography-font-weight);--awb-caption-title-font-style:var(--h2_typography-font-style);--awb-caption-title-size:var(--h2_typography-font-size);--awb-caption-title-transform:var(--h2_typography-text-transform);--awb-caption-title-line-height:var(--h2_typography-line-height);--awb-caption-title-letter-spacing:var(--h2_typography-letter-spacing);\"><span class=\" fusion-imageframe imageframe-none imageframe-2 hover-type-zoomin has-mask\"><img decoding=\"async\" width=\"1024\" height=\"1536\" alt=\"osiguranje tereta-2\" title=\"osiguranje tereta-2\" src=\"data:image\/svg+xml,%3Csvg%20xmlns%3D%27http%3A%2F%2Fwww.w3.org%2F2000%2Fsvg%27%20width%3D%271024%27%20height%3D%271536%27%20viewBox%3D%270%200%201024%201536%27%3E%3Crect%20width%3D%271024%27%20height%3D%271536%27%20fill-opacity%3D%220%22%2F%3E%3C%2Fsvg%3E\" data-orig-src=\"https:\/\/fahrzeugbedarf.at\/wp-content\/uploads\/2026\/07\/ladungssicherung-2.jpg\" class=\"lazyload img-responsive wp-image-20492\"\/><\/span><\/div><\/div><\/div><div class=\"fusion-layout-column fusion_builder_column fusion-builder-column-6 fusion_builder_column_1_1 1_1 fusion-flex-column\" style=\"--awb-bg-size:cover;--awb-width-large:100%;--awb-margin-top-large:0px;--awb-spacing-right-large:1.92%;--awb-margin-bottom-large:20px;--awb-spacing-left-large:1.92%;--awb-width-medium:100%;--awb-order-medium:0;--awb-spacing-right-medium:1.92%;--awb-spacing-left-medium:1.92%;--awb-width-small:100%;--awb-order-small:0;--awb-spacing-right-small:1.92%;--awb-spacing-left-small:1.92%;\"><div class=\"fusion-column-wrapper fusion-column-has-shadow fusion-flex-justify-content-flex-start fusion-content-layout-column\"><div class=\"fusion-text fusion-text-5\"><p>Osim kazne, mogu uslijediti i dodatne posljedice:<\/p>\n<ul>\n<li><strong>Privremeni depozit:<\/strong> U slu\u010daju sumnje na prekr\u0161aj, iznos do 2.180 eura mo\u017ee se odrediti kao privremeni depozit u skladu s \u010dlankom 134. stavkom 4. Zakona o motornim vozilima (KFG). <\/li>\n<li><strong>Zabrana daljnjeg putovanja<\/strong> dok se teret propisno ne osigura.<\/li>\n<li><strong>U evidenciju voza\u010dke dozvole unosi se zabilje\u0161ka<\/strong> ako je sigurnost prometa ugro\u017eena nepropisno osiguranim teretom, a voza\u010d je trebao uo\u010diti kvar prije po\u010detka putovanja.<\/li>\n<li><strong>Klasifikacija rizika tvrtke:<\/strong> Za vozila klase M2, M3, N2, N3, O3 ili O4, kr\u0161enja propisa o osiguranju tereta otkrivena tijekom tehni\u010dkih pregleda na cesti uzimaju se u obzir u slu\u017ebenoj klasifikaciji rizika. Tvrtke s visokom klasifikacijom rizika <strong>podlije\u017eu stro\u017eim i \u010de\u0161\u0107im pregledima<\/strong> . <\/li>\n<li><strong>Gra\u0111anska i kaznena odgovornost<\/strong> ako \u0161teta nastane zbog neadekvatne sigurnosti.<\/li>\n<\/ul>\n<p>Posljednja to\u010dka je najskuplja \u2013 i ona koja se ne odra\u017eava ni u jednom katalogu kazni.<\/p>\n<p><strong><em>Obavijest:<\/em><\/strong><em>  Ovaj \u010dlanak pru\u017ea op\u0107i pregled i ne zamjenjuje pravni savjet. Pravni status i kazne podlo\u017eni su promjenama; u pojedina\u010dnim slu\u010dajevima mjerodavna je va\u017ee\u0107a verzija austrijskog Zakona o motornim vozilima (KFG) ili stru\u010dno mi\u0161ljenje. <\/em><\/p>\n<\/div><\/div><\/div><\/div><\/div><div class=\"fusion-fullwidth fullwidth-box fusion-builder-row-4 fusion-flex-container has-pattern-background has-mask-background fusion-parallax-none nonhundred-percent-fullwidth non-hundred-percent-height-scrolling lazyload\" style=\"--awb-background-position:left center;--awb-border-radius-top-left:0px;--awb-border-radius-top-right:0px;--awb-border-radius-bottom-right:0px;--awb-border-radius-bottom-left:0px;--awb-padding-top:100px;--awb-padding-bottom:100px;--awb-background-color:var(--awb-color8);--awb-background-image:linear-gradient(180deg, rgba(32,32,32,0.35) 0%,rgba(32,32,32,0.35) 100%);;--awb-background-size:cover;--awb-flex-wrap:wrap;\" data-bg=\"https:\/\/fahrzeugbedarf.at\/wp-content\/uploads\/2025\/10\/cta.jpg\" data-bg-gradient=\"linear-gradient(180deg, rgba(32,32,32,0.35) 0%,rgba(32,32,32,0.35) 100%)\" ><div class=\"fusion-builder-row fusion-row fusion-flex-align-items-flex-start fusion-flex-content-wrap\" style=\"max-width:1310.4px;margin-left: calc(-4% \/ 2 );margin-right: calc(-4% \/ 2 );\"><div class=\"fusion-layout-column fusion_builder_column fusion-builder-column-7 fusion_builder_column_1_1 1_1 fusion-flex-column\" style=\"--awb-padding-top:40px;--awb-padding-right:40px;--awb-padding-bottom:40px;--awb-padding-left:40px;--awb-bg-color:#f7f8f9;--awb-bg-color-hover:#f7f8f9;--awb-bg-blend:overlay;--awb-bg-size:cover;--awb-width-large:100%;--awb-margin-top-large:0px;--awb-spacing-right-large:1.92%;--awb-margin-bottom-large:0px;--awb-spacing-left-large:3.84%;--awb-width-medium:100%;--awb-order-medium:0;--awb-spacing-right-medium:1.92%;--awb-spacing-left-medium:1.92%;--awb-width-small:100%;--awb-order-small:0;--awb-spacing-right-small:1.92%;--awb-spacing-left-small:1.92%;\"><div class=\"fusion-column-wrapper fusion-flex-justify-content-flex-start fusion-content-layout-column\"><div class=\"fusion-text fusion-text-6\" style=\"--awb-content-alignment:left;\"><h3>Kratka provjera prije polaska<\/h3>\n<ol>\n<li>Je li utovarni prostor \u010dist, suh i neo\u0161te\u0107en?<\/li>\n<li>Postoje li prostirke protiv klizanja tamo gdje je osoba vezana?<\/li>\n<li>Jesu li sve trake ozna\u010dene, neo\u0161te\u0107ene i opremljene za\u0161titom rubova?<\/li>\n<li>Jesu li to\u010dke za pri\u010dvr\u0161\u0107ivanje i bo\u010dne stijenke netaknute?<\/li>\n<li>Je li izbo\u010deni teret ispravno ozna\u010den?<\/li>\n<li>Mogu li se pojedina\u010dne komponente naboja kretati jedna u odnosu na drugu?<\/li>\n<\/ol>\n<h3>Sigurnosni ure\u0111aji u FZB-u<\/h3>\n<p>Trake za pri\u010dvr\u0161\u0107ivanje, \u010degrtaljke, \u0161titnici za rubove, protuklizne prostirke i robusni sustavi bo\u010dnih panela klju\u010dne su komponente FZB asortimana \u2013 dijela od preko 350 000 artikala za kamione, prikolice, poljoprivredu i industriju. Najbolji na\u010din da utvrdite koji je ure\u0111aj za pri\u010dvr\u0161\u0107ivanje pravi za va\u0161 teret i karoseriju vozila je da kontaktirate <a href=\"https:\/\/shop.fahrzeugbedarf.at\/\">FZB web trgovinu<\/a> ili va\u0161u <a href=\"https:\/\/fahrzeugbedarf.at\/hr\/lokacije\/\">lokalnu FZB poslovnicu<\/a> . Na\u0161 \u010dlanak o <a href=\"https:\/\/fahrzeugbedarf.at\/hr\/5-uobicajenih-uzroka-kvarova-kamiona-i-kako-ih-sprijeciti\/\">5 naj\u010de\u0161\u0107ih uzroka kvarova kamiona<\/a> tako\u0111er ilustrira koliko je pri\u010dvr\u0161\u0107ivanje tereta povezano s tehni\u010dkim stanjem vozila.<\/p>\n<\/div><div class=\"fusion-separator fusion-full-width-sep\" style=\"align-self: center;margin-left: auto;margin-right: auto;margin-top:10px;width:100%;\"><\/div><\/div><\/div><\/div><\/div><div class=\"fusion-fullwidth fullwidth-box fusion-builder-row-5 fusion-flex-container nonhundred-percent-fullwidth non-hundred-percent-height-scrolling\" style=\"--awb-border-radius-top-left:0px;--awb-border-radius-top-right:0px;--awb-border-radius-bottom-right:0px;--awb-border-radius-bottom-left:0px;--awb-padding-top:70px;--awb-padding-bottom:70px;--awb-flex-wrap:wrap;\" ><div class=\"fusion-builder-row fusion-row fusion-flex-align-items-flex-start fusion-flex-align-content-center fusion-flex-content-wrap\" style=\"max-width:1310.4px;margin-left: calc(-4% \/ 2 );margin-right: calc(-4% \/ 2 );\"><div class=\"fusion-layout-column fusion_builder_column fusion-builder-column-8 fusion_builder_column_1_1 1_1 fusion-flex-column\" style=\"--awb-bg-blend:overlay;--awb-bg-size:cover;--awb-width-large:100%;--awb-margin-top-large:0px;--awb-spacing-right-large:1.92%;--awb-margin-bottom-large:20px;--awb-spacing-left-large:1.92%;--awb-width-medium:100%;--awb-spacing-right-medium:1.92%;--awb-spacing-left-medium:1.92%;--awb-width-small:100%;--awb-spacing-right-small:1.92%;--awb-spacing-left-small:1.92%;\"><div class=\"fusion-column-wrapper fusion-flex-justify-content-flex-start fusion-content-layout-column\"><div class=\"fusion-text fusion-text-7 fusion-text-no-margin\" style=\"--awb-content-alignment:justify;--awb-font-size:var(--awb-typography2-font-size);--awb-line-height:var(--awb-typography2-line-height);--awb-letter-spacing:var(--awb-typography2-letter-spacing);--awb-text-transform:var(--awb-typography2-text-transform);--awb-margin-bottom:0px;--awb-text-font-family:var(--awb-typography2-font-family);--awb-text-font-weight:var(--awb-typography2-font-weight);--awb-text-font-style:var(--awb-typography2-font-style);\"><h3>\u010cesto postavljana pitanja<\/h3>\n<p><strong>Koji zakon regulira osiguranje tereta u Austriji?<\/strong><\/p>\n<p>Relevantni propis je \u010dlanak 101. stavak 1. slovo e austrijskog Zakona o motornim vozilima iz 1967. (KFG 1967). Teret mora biti uskladi\u0161ten ili osiguran na na\u010din da izdr\u017ei sile koje nastaju tijekom normalne vo\u017enje i da nitko nije ugro\u017een. \u010clanak 22. njema\u010dkog Pravilnika o cestovnom prometu (StVO) ne primjenjuje se u Austriji.    <\/p>\n<p><strong>Tko je odgovoran za osiguranje tereta?<\/strong><\/p>\n<p>Vlasnik vozila, voza\u010d i utovariva\u010d ili ovla\u0161tena osoba su zajedni\u010dki odgovorni. Samo u\u010dinkovit sustav kontrole unutar tvrtke mo\u017ee osloboditi vlasnika vozila ove odgovornosti. <\/p>\n<p><strong>Koji su tro\u0161kovi povezani s neadekvatnim osiguranjem tereta u Austriji?<\/strong><\/p>\n<p>To se goni kao upravni prekr\u0161aj prema \u010dlanku 134. austrijskog Zakona o motornim vozilima (KFG); kazna mo\u017ee dose\u0107i \u010detveroznamenkasti iznos. Osim toga, mo\u017ee se izre\u0107i privremeni polog do 2180 eura, zabrana daljnjeg putovanja, zapisnik u voza\u010dkoj evidenciji i ni\u017ea ocjena rizika za tvrtku. <\/p>\n<p><strong>Je li dovoljno samo ga pri\u010dvrstiti?<\/strong><\/p>\n<p>Samo ako je trenje ispravno. Bez protukliznih plo\u010dica potrebna je znatno ve\u0107a sila prednapona prilikom vezanja tereta. U praksi je kombinacija trenja i pozitivnog zaklju\u010davanja obi\u010dno najsigurnije rje\u0161enje.<\/p>\n<\/div><\/div><\/div><\/div><\/div><div class=\"fusion-fullwidth fullwidth-box fusion-builder-row-6 fusion-flex-container nonhundred-percent-fullwidth non-hundred-percent-height-scrolling\" style=\"--awb-border-radius-top-left:0px;--awb-border-radius-top-right:0px;--awb-border-radius-bottom-right:0px;--awb-border-radius-bottom-left:0px;--awb-padding-top:20px;--awb-padding-bottom:20px;--awb-background-color:var(--awb-color1);--awb-flex-wrap:wrap;\" ><div class=\"fusion-builder-row fusion-row fusion-flex-align-items-flex-start fusion-flex-content-wrap\" style=\"max-width:1310.4px;margin-left: calc(-4% \/ 2 );margin-right: calc(-4% \/ 2 );\"><div class=\"fusion-layout-column fusion_builder_column fusion-builder-column-9 fusion_builder_column_1_1 1_1 fusion-flex-column\" style=\"--awb-bg-size:cover;--awb-width-large:100%;--awb-margin-top-large:20px;--awb-spacing-right-large:1.92%;--awb-margin-bottom-large:20px;--awb-spacing-left-large:1.92%;--awb-width-medium:100%;--awb-order-medium:0;--awb-spacing-right-medium:1.92%;--awb-spacing-left-medium:1.92%;--awb-width-small:100%;--awb-order-small:0;--awb-spacing-right-small:1.92%;--awb-spacing-left-small:1.92%;\"><div class=\"fusion-column-wrapper fusion-flex-justify-content-flex-start fusion-content-layout-column\"><div style=\"text-align:center;\"><a class=\"fusion-button button-flat fusion-button-default-size button-default fusion-button-default button-1 fusion-button-default-span fusion-button-default-type\" target=\"_blank\" rel=\"noopener noreferrer\" title=\"Posjetite na\u0161u web trgovinu\" aria-label=\"Posjetite na\u0161u web trgovinu\" href=\"https:\/\/shop.fahrzeugbedarf.at\"><span class=\"fusion-button-text awb-button__text awb-button__text--default\">Posjetite na\u0161u web trgovinu<\/span><\/a><\/div><\/div><\/div><\/div><\/div><\/p>\n","protected":false},"excerpt":{"rendered":"","protected":false},"author":1,"featured_media":4906,"comment_status":"closed","ping_status":"closed","sticky":false,"template":"","format":"standard","meta":{"rs_blank_template":"","rs_page_bg_color":"","slide_template_v7":"","footnotes":""},"categories":[185],"tags":[],"class_list":["post-20012","post","type-post","status-publish","format-standard","has-post-thumbnail","hentry","category-blog"],"_links":{"self":[{"href":"https:\/\/fahrzeugbedarf.at\/hr\/wp-json\/wp\/v2\/posts\/20012","targetHints":{"allow":["GET"]}}],"collection":[{"href":"https:\/\/fahrzeugbedarf.at\/hr\/wp-json\/wp\/v2\/posts"}],"about":[{"href":"https:\/\/fahrzeugbedarf.at\/hr\/wp-json\/wp\/v2\/types\/post"}],"author":[{"embeddable":true,"href":"https:\/\/fahrzeugbedarf.at\/hr\/wp-json\/wp\/v2\/users\/1"}],"replies":[{"embeddable":true,"href":"https:\/\/fahrzeugbedarf.at\/hr\/wp-json\/wp\/v2\/comments?post=20012"}],"version-history":[{"count":5,"href":"https:\/\/fahrzeugbedarf.at\/hr\/wp-json\/wp\/v2\/posts\/20012\/revisions"}],"predecessor-version":[{"id":20877,"href":"https:\/\/fahrzeugbedarf.at\/hr\/wp-json\/wp\/v2\/posts\/20012\/revisions\/20877"}],"wp:featuredmedia":[{"embeddable":true,"href":"https:\/\/fahrzeugbedarf.at\/hr\/wp-json\/wp\/v2\/media\/4906"}],"wp:attachment":[{"href":"https:\/\/fahrzeugbedarf.at\/hr\/wp-json\/wp\/v2\/media?parent=20012"}],"wp:term":[{"taxonomy":"category","embeddable":true,"href":"https:\/\/fahrzeugbedarf.at\/hr\/wp-json\/wp\/v2\/categories?post=20012"},{"taxonomy":"post_tag","embeddable":true,"href":"https:\/\/fahrzeugbedarf.at\/hr\/wp-json\/wp\/v2\/tags?post=20012"}],"curies":[{"name":"wp","href":"https:\/\/api.w.org\/{rel}","templated":true}]}}